{"id":15933,"date":"2016-05-10T11:01:44","date_gmt":"2016-05-10T11:01:44","guid":{"rendered":"http:\/\/www.babysmataro.com\/ca\/es-epoca-de-comuniones\/"},"modified":"2016-06-23T09:09:00","modified_gmt":"2016-06-23T09:09:00","slug":"es-epoca-de-comuniones","status":"publish","type":"post","link":"https:\/\/babysmataro.com\/ca\/es-epoca-de-comuniones\/","title":{"rendered":"\u00c8poca de Comunions"},"content":{"rendered":"\n<p>Ja saps com vols vestir el teu nen\/a en un dia tan especial com la Primera Comuni\u00f3? Babys Matar\u00f3 us espera per assessorar-vos en les \u00faltimes tend\u00e8ncies de vestits infantils. Vestits princesa, de tall evas\u00e9 per a elles i vestits de mariner&#8230; per a ells, en definitiva, teixits suaus i agradables, talls\u00a0tradicionals o m\u00e9s alternatius que us esperen a la nostra botiga.<\/p>\n","protected":false},"excerpt":{"rendered":"<p>Ja saps com vols vestir el teu nen\/a en un dia tan especial com la Primera Comuni\u00f3? Babys Matar\u00f3 us espera per assessorar-vos en les \u00faltimes tend\u00e8ncies de vestits infantils. Vestits princesa, de tall evas\u00e9 per a elles i vestits de mariner&#8230; per a ells,&#8230;<\/p>\n","protected":false},"author":1,"featured_media":16453,"comment_status":"closed","ping_status":"closed","sticky":false,"template":"","format":"standard","meta":{"footnotes":""},"categories":[67],"tags":[],"class_list":["post-15933","post","type-post","status-publish","format-standard","has-post-thumbnail","hentry","category-art-ca"],"yoast_head":"<!-- This site is optimized with the Yoast SEO plugin v27.4 - https:\/\/yoast.com\/product\/yoast-seo-wordpress\/ -->\n<title>\u00c8poca de Comunions - Babys Mataro<\/title>\n<meta name=\"robots\" content=\"index, follow, max-snippet:-1, max-image-preview:large, max-video-preview:-1\" \/>\n<link rel=\"canonical\" href=\"https:\/\/babysmataro.com\/ca\/es-epoca-de-comuniones\/\" \/>\n<meta property=\"og:locale\" content=\"ca_ES\" \/>\n<meta property=\"og:type\" content=\"article\" \/>\n<meta property=\"og:title\" content=\"\u00c8poca de Comunions - Babys Mataro\" \/>\n<meta property=\"og:description\" content=\"Ja saps com vols vestir el teu nen\/a en un dia tan especial com la Primera Comuni\u00f3? Babys Matar\u00f3 us espera per assessorar-vos en les \u00faltimes tend\u00e8ncies de vestits infantils. Vestits princesa, de tall evas\u00e9 per a elles i vestits de mariner&#8230; per a ells,...\" \/>\n<meta property=\"og:url\" content=\"https:\/\/babysmataro.com\/ca\/es-epoca-de-comuniones\/\" \/>\n<meta property=\"og:site_name\" content=\"Babys Mataro\" \/>\n<meta property=\"article:published_time\" content=\"2016-05-10T11:01:44+00:00\" \/>\n<meta property=\"article:modified_time\" content=\"2016-06-23T09:09:00+00:00\" \/>\n<meta property=\"og:image\" content=\"https:\/\/babysmataro.com\/wp-content\/uploads\/2016\/04\/NOTICIAS_comunion.jpg\" \/>\n\t<meta property=\"og:image:width\" content=\"1102\" \/>\n\t<meta property=\"og:image:height\" content=\"628\" \/>\n\t<meta property=\"og:image:type\" content=\"image\/jpeg\" \/>\n<meta name=\"author\" content=\"babysmataro\" \/>\n<meta name=\"twitter:card\" content=\"summary_large_image\" \/>\n<meta name=\"twitter:label1\" content=\"Escrit per\" \/>\n\t<meta name=\"twitter:data1\" content=\"babysmataro\" \/>\n<script type=\"application\/ld+json\" class=\"yoast-schema-graph\">{\"@context\":\"https:\\\/\\\/schema.org\",\"@graph\":[{\"@type\":\"Article\",\"@id\":\"https:\\\/\\\/babysmataro.com\\\/ca\\\/es-epoca-de-comuniones\\\/#article\",\"isPartOf\":{\"@id\":\"https:\\\/\\\/babysmataro.com\\\/ca\\\/es-epoca-de-comuniones\\\/\"},\"author\":{\"name\":\"babysmataro\",\"@id\":\"https:\\\/\\\/babysmataro.com\\\/ca\\\/#\\\/schema\\\/person\\\/b968c96e6e0599d6493f614180a4f103\"},\"headline\":\"\u00c8poca de Comunions\",\"datePublished\":\"2016-05-10T11:01:44+00:00\",\"dateModified\":\"2016-06-23T09:09:00+00:00\",\"mainEntityOfPage\":{\"@id\":\"https:\\\/\\\/babysmataro.com\\\/ca\\\/es-epoca-de-comuniones\\\/\"},\"wordCount\":71,\"image\":{\"@id\":\"https:\\\/\\\/babysmataro.com\\\/ca\\\/es-epoca-de-comuniones\\\/#primaryimage\"},\"thumbnailUrl\":\"https:\\\/\\\/babysmataro.com\\\/wp-content\\\/uploads\\\/2016\\\/04\\\/NOTICIAS_comunion.jpg\",\"articleSection\":[\"Art\"],\"inLanguage\":\"ca\"},{\"@type\":\"WebPage\",\"@id\":\"https:\\\/\\\/babysmataro.com\\\/ca\\\/es-epoca-de-comuniones\\\/\",\"url\":\"https:\\\/\\\/babysmataro.com\\\/ca\\\/es-epoca-de-comuniones\\\/\",\"name\":\"\u00c8poca de Comunions - Babys Mataro\",\"isPartOf\":{\"@id\":\"https:\\\/\\\/babysmataro.com\\\/ca\\\/#website\"},\"primaryImageOfPage\":{\"@id\":\"https:\\\/\\\/babysmataro.com\\\/ca\\\/es-epoca-de-comuniones\\\/#primaryimage\"},\"image\":{\"@id\":\"https:\\\/\\\/babysmataro.com\\\/ca\\\/es-epoca-de-comuniones\\\/#primaryimage\"},\"thumbnailUrl\":\"https:\\\/\\\/babysmataro.com\\\/wp-content\\\/uploads\\\/2016\\\/04\\\/NOTICIAS_comunion.jpg\",\"datePublished\":\"2016-05-10T11:01:44+00:00\",\"dateModified\":\"2016-06-23T09:09:00+00:00\",\"author\":{\"@id\":\"https:\\\/\\\/babysmataro.com\\\/ca\\\/#\\\/schema\\\/person\\\/b968c96e6e0599d6493f614180a4f103\"},\"breadcrumb\":{\"@id\":\"https:\\\/\\\/babysmataro.com\\\/ca\\\/es-epoca-de-comuniones\\\/#breadcrumb\"},\"inLanguage\":\"ca\",\"potentialAction\":[{\"@type\":\"ReadAction\",\"target\":[\"https:\\\/\\\/babysmataro.com\\\/ca\\\/es-epoca-de-comuniones\\\/\"]}]},{\"@type\":\"ImageObject\",\"inLanguage\":\"ca\",\"@id\":\"https:\\\/\\\/babysmataro.com\\\/ca\\\/es-epoca-de-comuniones\\\/#primaryimage\",\"url\":\"https:\\\/\\\/babysmataro.com\\\/wp-content\\\/uploads\\\/2016\\\/04\\\/NOTICIAS_comunion.jpg\",\"contentUrl\":\"https:\\\/\\\/babysmataro.com\\\/wp-content\\\/uploads\\\/2016\\\/04\\\/NOTICIAS_comunion.jpg\",\"width\":1102,\"height\":628},{\"@type\":\"BreadcrumbList\",\"@id\":\"https:\\\/\\\/babysmataro.com\\\/ca\\\/es-epoca-de-comuniones\\\/#breadcrumb\",\"itemListElement\":[{\"@type\":\"ListItem\",\"position\":1,\"name\":\"Portada\",\"item\":\"https:\\\/\\\/babysmataro.com\\\/ca\\\/\"},{\"@type\":\"ListItem\",\"position\":2,\"name\":\"\u00c8poca de Comunions\"}]},{\"@type\":\"WebSite\",\"@id\":\"https:\\\/\\\/babysmataro.com\\\/ca\\\/#website\",\"url\":\"https:\\\/\\\/babysmataro.com\\\/ca\\\/\",\"name\":\"Babys Mataro\",\"description\":\"\",\"potentialAction\":[{\"@type\":\"SearchAction\",\"target\":{\"@type\":\"EntryPoint\",\"urlTemplate\":\"https:\\\/\\\/babysmataro.com\\\/ca\\\/?s={search_term_string}\"},\"query-input\":{\"@type\":\"PropertyValueSpecification\",\"valueRequired\":true,\"valueName\":\"search_term_string\"}}],\"inLanguage\":\"ca\"},{\"@type\":\"Person\",\"@id\":\"https:\\\/\\\/babysmataro.com\\\/ca\\\/#\\\/schema\\\/person\\\/b968c96e6e0599d6493f614180a4f103\",\"name\":\"babysmataro\",\"image\":{\"@type\":\"ImageObject\",\"inLanguage\":\"ca\",\"@id\":\"https:\\\/\\\/secure.gravatar.com\\\/avatar\\\/ec978b1008d3f6856d08509dab846d82b898a5a09877e0fc1c07e9e91bd12446?s=96&d=mm&r=g\",\"url\":\"https:\\\/\\\/secure.gravatar.com\\\/avatar\\\/ec978b1008d3f6856d08509dab846d82b898a5a09877e0fc1c07e9e91bd12446?s=96&d=mm&r=g\",\"contentUrl\":\"https:\\\/\\\/secure.gravatar.com\\\/avatar\\\/ec978b1008d3f6856d08509dab846d82b898a5a09877e0fc1c07e9e91bd12446?s=96&d=mm&r=g\",\"caption\":\"babysmataro\"},\"url\":\"https:\\\/\\\/babysmataro.com\\\/ca\\\/author\\\/babysmataro\\\/\"}]}<\/script>\n<!-- \/ Yoast SEO plugin. -->","yoast_head_json":{"title":"\u00c8poca de Comunions - Babys Mataro","robots":{"index":"index","follow":"follow","max-snippet":"max-snippet:-1","max-image-preview":"max-image-preview:large","max-video-preview":"max-video-preview:-1"},"canonical":"https:\/\/babysmataro.com\/ca\/es-epoca-de-comuniones\/","og_locale":"ca_ES","og_type":"article","og_title":"\u00c8poca de Comunions - Babys Mataro","og_description":"Ja saps com vols vestir el teu nen\/a en un dia tan especial com la Primera Comuni\u00f3? Babys Matar\u00f3 us espera per assessorar-vos en les \u00faltimes tend\u00e8ncies de vestits infantils. Vestits princesa, de tall evas\u00e9 per a elles i vestits de mariner&#8230; per a ells,...","og_url":"https:\/\/babysmataro.com\/ca\/es-epoca-de-comuniones\/","og_site_name":"Babys Mataro","article_published_time":"2016-05-10T11:01:44+00:00","article_modified_time":"2016-06-23T09:09:00+00:00","og_image":[{"width":1102,"height":628,"url":"https:\/\/babysmataro.com\/wp-content\/uploads\/2016\/04\/NOTICIAS_comunion.jpg","type":"image\/jpeg"}],"author":"babysmataro","twitter_card":"summary_large_image","twitter_misc":{"Escrit per":"babysmataro"},"schema":{"@context":"https:\/\/schema.org","@graph":[{"@type":"Article","@id":"https:\/\/babysmataro.com\/ca\/es-epoca-de-comuniones\/#article","isPartOf":{"@id":"https:\/\/babysmataro.com\/ca\/es-epoca-de-comuniones\/"},"author":{"name":"babysmataro","@id":"https:\/\/babysmataro.com\/ca\/#\/schema\/person\/b968c96e6e0599d6493f614180a4f103"},"headline":"\u00c8poca de Comunions","datePublished":"2016-05-10T11:01:44+00:00","dateModified":"2016-06-23T09:09:00+00:00","mainEntityOfPage":{"@id":"https:\/\/babysmataro.com\/ca\/es-epoca-de-comuniones\/"},"wordCount":71,"image":{"@id":"https:\/\/babysmataro.com\/ca\/es-epoca-de-comuniones\/#primaryimage"},"thumbnailUrl":"https:\/\/babysmataro.com\/wp-content\/uploads\/2016\/04\/NOTICIAS_comunion.jpg","articleSection":["Art"],"inLanguage":"ca"},{"@type":"WebPage","@id":"https:\/\/babysmataro.com\/ca\/es-epoca-de-comuniones\/","url":"https:\/\/babysmataro.com\/ca\/es-epoca-de-comuniones\/","name":"\u00c8poca de Comunions - Babys Mataro","isPartOf":{"@id":"https:\/\/babysmataro.com\/ca\/#website"},"primaryImageOfPage":{"@id":"https:\/\/babysmataro.com\/ca\/es-epoca-de-comuniones\/#primaryimage"},"image":{"@id":"https:\/\/babysmataro.com\/ca\/es-epoca-de-comuniones\/#primaryimage"},"thumbnailUrl":"https:\/\/babysmataro.com\/wp-content\/uploads\/2016\/04\/NOTICIAS_comunion.jpg","datePublished":"2016-05-10T11:01:44+00:00","dateModified":"2016-06-23T09:09:00+00:00","author":{"@id":"https:\/\/babysmataro.com\/ca\/#\/schema\/person\/b968c96e6e0599d6493f614180a4f103"},"breadcrumb":{"@id":"https:\/\/babysmataro.com\/ca\/es-epoca-de-comuniones\/#breadcrumb"},"inLanguage":"ca","potentialAction":[{"@type":"ReadAction","target":["https:\/\/babysmataro.com\/ca\/es-epoca-de-comuniones\/"]}]},{"@type":"ImageObject","inLanguage":"ca","@id":"https:\/\/babysmataro.com\/ca\/es-epoca-de-comuniones\/#primaryimage","url":"https:\/\/babysmataro.com\/wp-content\/uploads\/2016\/04\/NOTICIAS_comunion.jpg","contentUrl":"https:\/\/babysmataro.com\/wp-content\/uploads\/2016\/04\/NOTICIAS_comunion.jpg","width":1102,"height":628},{"@type":"BreadcrumbList","@id":"https:\/\/babysmataro.com\/ca\/es-epoca-de-comuniones\/#breadcrumb","itemListElement":[{"@type":"ListItem","position":1,"name":"Portada","item":"https:\/\/babysmataro.com\/ca\/"},{"@type":"ListItem","position":2,"name":"\u00c8poca de Comunions"}]},{"@type":"WebSite","@id":"https:\/\/babysmataro.com\/ca\/#website","url":"https:\/\/babysmataro.com\/ca\/","name":"Babys Mataro","description":"","potentialAction":[{"@type":"SearchAction","target":{"@type":"EntryPoint","urlTemplate":"https:\/\/babysmataro.com\/ca\/?s={search_term_string}"},"query-input":{"@type":"PropertyValueSpecification","valueRequired":true,"valueName":"search_term_string"}}],"inLanguage":"ca"},{"@type":"Person","@id":"https:\/\/babysmataro.com\/ca\/#\/schema\/person\/b968c96e6e0599d6493f614180a4f103","name":"babysmataro","image":{"@type":"ImageObject","inLanguage":"ca","@id":"https:\/\/secure.gravatar.com\/avatar\/ec978b1008d3f6856d08509dab846d82b898a5a09877e0fc1c07e9e91bd12446?s=96&d=mm&r=g","url":"https:\/\/secure.gravatar.com\/avatar\/ec978b1008d3f6856d08509dab846d82b898a5a09877e0fc1c07e9e91bd12446?s=96&d=mm&r=g","contentUrl":"https:\/\/secure.gravatar.com\/avatar\/ec978b1008d3f6856d08509dab846d82b898a5a09877e0fc1c07e9e91bd12446?s=96&d=mm&r=g","caption":"babysmataro"},"url":"https:\/\/babysmataro.com\/ca\/author\/babysmataro\/"}]}},"_links":{"self":[{"href":"https:\/\/babysmataro.com\/ca\/wp-json\/wp\/v2\/posts\/15933","targetHints":{"allow":["GET"]}}],"collection":[{"href":"https:\/\/babysmataro.com\/ca\/wp-json\/wp\/v2\/posts"}],"about":[{"href":"https:\/\/babysmataro.com\/ca\/wp-json\/wp\/v2\/types\/post"}],"author":[{"embeddable":true,"href":"https:\/\/babysmataro.com\/ca\/wp-json\/wp\/v2\/users\/1"}],"replies":[{"embeddable":true,"href":"https:\/\/babysmataro.com\/ca\/wp-json\/wp\/v2\/comments?post=15933"}],"version-history":[{"count":0,"href":"https:\/\/babysmataro.com\/ca\/wp-json\/wp\/v2\/posts\/15933\/revisions"}],"wp:featuredmedia":[{"embeddable":true,"href":"https:\/\/babysmataro.com\/ca\/wp-json\/wp\/v2\/media\/16453"}],"wp:attachment":[{"href":"https:\/\/babysmataro.com\/ca\/wp-json\/wp\/v2\/media?parent=15933"}],"wp:term":[{"taxonomy":"category","embeddable":true,"href":"https:\/\/babysmataro.com\/ca\/wp-json\/wp\/v2\/categories?post=15933"},{"taxonomy":"post_tag","embeddable":true,"href":"https:\/\/babysmataro.com\/ca\/wp-json\/wp\/v2\/tags?post=15933"}],"curies":[{"name":"wp","href":"https:\/\/api.w.org\/{rel}","templated":true}]}}